{"id":2891,"date":"2019-05-03T10:25:17","date_gmt":"2019-05-03T08:25:17","guid":{"rendered":"https:\/\/www.infri.ch\/avance-avs-2\/"},"modified":"2024-02-06T10:48:04","modified_gmt":"2024-02-06T09:48:04","slug":"stelleninserate-in-den-institutionen","status":"publish","type":"post","link":"https:\/\/www.infri.ch\/de\/stelleninserate-in-den-institutionen\/","title":{"rendered":"Stelleninserate in den Institutionen"},"content":{"rendered":"","protected":false},"excerpt":{"rendered":"","protected":false},"author":2,"featured_media":0,"comment_status":"open","ping_status":"open","sticky":false,"template":"","format":"standard","meta":{"_acf_changed":false,"inline_featured_image":false,"_monsterinsights_skip_tracking":false,"_monsterinsights_sitenote_active":false,"_monsterinsights_sitenote_note":"","_monsterinsights_sitenote_category":0,"footnotes":""},"categories":[50,55],"tags":[],"class_list":["post-2891","post","type-post","status-publish","format-standard","hentry","category-news-accueil-de","category-news-accueil-archives-de"],"acf":[],"yoast_head":"<!-- This site is optimized with the Yoast SEO plugin v27.4 - https:\/\/yoast.com\/product\/yoast-seo-wordpress\/ -->\n<title>Stelleninserate in den Institutionen &#8211; infri<\/title>\n<meta name=\"robots\" content=\"index, follow, max-snippet:-1, max-image-preview:large, max-video-preview:-1\" \/>\n<link rel=\"canonical\" href=\"https:\/\/www.infri.ch\/de\/stelleninserate-in-den-institutionen\/\" \/>\n<meta property=\"og:locale\" content=\"de_DE\" \/>\n<meta property=\"og:type\" content=\"article\" \/>\n<meta property=\"og:title\" content=\"Stelleninserate in den Institutionen &#8211; infri\" \/>\n<meta property=\"og:url\" content=\"https:\/\/www.infri.ch\/de\/stelleninserate-in-den-institutionen\/\" \/>\n<meta property=\"og:site_name\" content=\"infri\" \/>\n<meta property=\"article:published_time\" content=\"2019-05-03T08:25:17+00:00\" \/>\n<meta property=\"article:modified_time\" content=\"2024-02-06T09:48:04+00:00\" \/>\n<meta name=\"author\" content=\"inadfrimin\" \/>\n<meta name=\"twitter:card\" content=\"summary_large_image\" \/>\n<meta name=\"twitter:label1\" content=\"Verfasst von\" \/>\n\t<meta name=\"twitter:data1\" content=\"inadfrimin\" \/>\n\t<meta name=\"twitter:label2\" content=\"Gesch\u00e4tzte Lesezeit\" \/>\n\t<meta name=\"twitter:data2\" content=\"1\u00a0Minute\" \/>\n<script type=\"application\/ld+json\" class=\"yoast-schema-graph\">{\"@context\":\"https:\\\/\\\/schema.org\",\"@graph\":[{\"@type\":\"Article\",\"@id\":\"https:\\\/\\\/www.infri.ch\\\/de\\\/stelleninserate-in-den-institutionen\\\/#article\",\"isPartOf\":{\"@id\":\"https:\\\/\\\/www.infri.ch\\\/de\\\/stelleninserate-in-den-institutionen\\\/\"},\"author\":{\"name\":\"inadfrimin\",\"@id\":\"https:\\\/\\\/www.infri.ch\\\/de\\\/#\\\/schema\\\/person\\\/bfe88d379153f6f763b3b16a447cf5cf\"},\"headline\":\"Stelleninserate in den Institutionen\",\"datePublished\":\"2019-05-03T08:25:17+00:00\",\"dateModified\":\"2024-02-06T09:48:04+00:00\",\"mainEntityOfPage\":{\"@id\":\"https:\\\/\\\/www.infri.ch\\\/de\\\/stelleninserate-in-den-institutionen\\\/\"},\"wordCount\":4,\"commentCount\":0,\"articleSection\":[\"News accueil\",\"News accueil - Archives\"],\"inLanguage\":\"de\",\"potentialAction\":[{\"@type\":\"CommentAction\",\"name\":\"Comment\",\"target\":[\"https:\\\/\\\/www.infri.ch\\\/de\\\/stelleninserate-in-den-institutionen\\\/#respond\"]}]},{\"@type\":\"WebPage\",\"@id\":\"https:\\\/\\\/www.infri.ch\\\/de\\\/stelleninserate-in-den-institutionen\\\/\",\"url\":\"https:\\\/\\\/www.infri.ch\\\/de\\\/stelleninserate-in-den-institutionen\\\/\",\"name\":\"Stelleninserate in den Institutionen &#8211; infri\",\"isPartOf\":{\"@id\":\"https:\\\/\\\/www.infri.ch\\\/de\\\/#website\"},\"datePublished\":\"2019-05-03T08:25:17+00:00\",\"dateModified\":\"2024-02-06T09:48:04+00:00\",\"author\":{\"@id\":\"https:\\\/\\\/www.infri.ch\\\/de\\\/#\\\/schema\\\/person\\\/bfe88d379153f6f763b3b16a447cf5cf\"},\"breadcrumb\":{\"@id\":\"https:\\\/\\\/www.infri.ch\\\/de\\\/stelleninserate-in-den-institutionen\\\/#breadcrumb\"},\"inLanguage\":\"de\",\"potentialAction\":[{\"@type\":\"ReadAction\",\"target\":[\"https:\\\/\\\/www.infri.ch\\\/de\\\/stelleninserate-in-den-institutionen\\\/\"]}]},{\"@type\":\"BreadcrumbList\",\"@id\":\"https:\\\/\\\/www.infri.ch\\\/de\\\/stelleninserate-in-den-institutionen\\\/#breadcrumb\",\"itemListElement\":[{\"@type\":\"ListItem\",\"position\":1,\"name\":\"Accueil\",\"item\":\"https:\\\/\\\/www.infri.ch\\\/de\\\/\"},{\"@type\":\"ListItem\",\"position\":2,\"name\":\"Stelleninserate in den Institutionen\"}]},{\"@type\":\"WebSite\",\"@id\":\"https:\\\/\\\/www.infri.ch\\\/de\\\/#website\",\"url\":\"https:\\\/\\\/www.infri.ch\\\/de\\\/\",\"name\":\"infri\",\"description\":\"l&#039;association repr\u00e9sentant les institutions sp\u00e9cialis\u00e9es fribourgeoises\",\"potentialAction\":[{\"@type\":\"SearchAction\",\"target\":{\"@type\":\"EntryPoint\",\"urlTemplate\":\"https:\\\/\\\/www.infri.ch\\\/de\\\/?s={search_term_string}\"},\"query-input\":{\"@type\":\"PropertyValueSpecification\",\"valueRequired\":true,\"valueName\":\"search_term_string\"}}],\"inLanguage\":\"de\"},{\"@type\":\"Person\",\"@id\":\"https:\\\/\\\/www.infri.ch\\\/de\\\/#\\\/schema\\\/person\\\/bfe88d379153f6f763b3b16a447cf5cf\",\"name\":\"inadfrimin\",\"image\":{\"@type\":\"ImageObject\",\"inLanguage\":\"de\",\"@id\":\"https:\\\/\\\/secure.gravatar.com\\\/avatar\\\/22441fd7394274e055287846c54055ce6d50e66a355d8df0a5569c7ec65ae3d1?s=96&d=mm&r=g\",\"url\":\"https:\\\/\\\/secure.gravatar.com\\\/avatar\\\/22441fd7394274e055287846c54055ce6d50e66a355d8df0a5569c7ec65ae3d1?s=96&d=mm&r=g\",\"contentUrl\":\"https:\\\/\\\/secure.gravatar.com\\\/avatar\\\/22441fd7394274e055287846c54055ce6d50e66a355d8df0a5569c7ec65ae3d1?s=96&d=mm&r=g\",\"caption\":\"inadfrimin\"},\"url\":\"https:\\\/\\\/www.infri.ch\\\/de\\\/author\\\/inadfrimin\\\/\"}]}<\/script>\n<!-- \/ Yoast SEO plugin. -->","yoast_head_json":{"title":"Stelleninserate in den Institutionen &#8211; infri","robots":{"index":"index","follow":"follow","max-snippet":"max-snippet:-1","max-image-preview":"max-image-preview:large","max-video-preview":"max-video-preview:-1"},"canonical":"https:\/\/www.infri.ch\/de\/stelleninserate-in-den-institutionen\/","og_locale":"de_DE","og_type":"article","og_title":"Stelleninserate in den Institutionen &#8211; infri","og_url":"https:\/\/www.infri.ch\/de\/stelleninserate-in-den-institutionen\/","og_site_name":"infri","article_published_time":"2019-05-03T08:25:17+00:00","article_modified_time":"2024-02-06T09:48:04+00:00","author":"inadfrimin","twitter_card":"summary_large_image","twitter_misc":{"Verfasst von":"inadfrimin","Gesch\u00e4tzte Lesezeit":"1\u00a0Minute"},"schema":{"@context":"https:\/\/schema.org","@graph":[{"@type":"Article","@id":"https:\/\/www.infri.ch\/de\/stelleninserate-in-den-institutionen\/#article","isPartOf":{"@id":"https:\/\/www.infri.ch\/de\/stelleninserate-in-den-institutionen\/"},"author":{"name":"inadfrimin","@id":"https:\/\/www.infri.ch\/de\/#\/schema\/person\/bfe88d379153f6f763b3b16a447cf5cf"},"headline":"Stelleninserate in den Institutionen","datePublished":"2019-05-03T08:25:17+00:00","dateModified":"2024-02-06T09:48:04+00:00","mainEntityOfPage":{"@id":"https:\/\/www.infri.ch\/de\/stelleninserate-in-den-institutionen\/"},"wordCount":4,"commentCount":0,"articleSection":["News accueil","News accueil - Archives"],"inLanguage":"de","potentialAction":[{"@type":"CommentAction","name":"Comment","target":["https:\/\/www.infri.ch\/de\/stelleninserate-in-den-institutionen\/#respond"]}]},{"@type":"WebPage","@id":"https:\/\/www.infri.ch\/de\/stelleninserate-in-den-institutionen\/","url":"https:\/\/www.infri.ch\/de\/stelleninserate-in-den-institutionen\/","name":"Stelleninserate in den Institutionen &#8211; infri","isPartOf":{"@id":"https:\/\/www.infri.ch\/de\/#website"},"datePublished":"2019-05-03T08:25:17+00:00","dateModified":"2024-02-06T09:48:04+00:00","author":{"@id":"https:\/\/www.infri.ch\/de\/#\/schema\/person\/bfe88d379153f6f763b3b16a447cf5cf"},"breadcrumb":{"@id":"https:\/\/www.infri.ch\/de\/stelleninserate-in-den-institutionen\/#breadcrumb"},"inLanguage":"de","potentialAction":[{"@type":"ReadAction","target":["https:\/\/www.infri.ch\/de\/stelleninserate-in-den-institutionen\/"]}]},{"@type":"BreadcrumbList","@id":"https:\/\/www.infri.ch\/de\/stelleninserate-in-den-institutionen\/#breadcrumb","itemListElement":[{"@type":"ListItem","position":1,"name":"Accueil","item":"https:\/\/www.infri.ch\/de\/"},{"@type":"ListItem","position":2,"name":"Stelleninserate in den Institutionen"}]},{"@type":"WebSite","@id":"https:\/\/www.infri.ch\/de\/#website","url":"https:\/\/www.infri.ch\/de\/","name":"infri","description":"l&#039;association repr\u00e9sentant les institutions sp\u00e9cialis\u00e9es fribourgeoises","potentialAction":[{"@type":"SearchAction","target":{"@type":"EntryPoint","urlTemplate":"https:\/\/www.infri.ch\/de\/?s={search_term_string}"},"query-input":{"@type":"PropertyValueSpecification","valueRequired":true,"valueName":"search_term_string"}}],"inLanguage":"de"},{"@type":"Person","@id":"https:\/\/www.infri.ch\/de\/#\/schema\/person\/bfe88d379153f6f763b3b16a447cf5cf","name":"inadfrimin","image":{"@type":"ImageObject","inLanguage":"de","@id":"https:\/\/secure.gravatar.com\/avatar\/22441fd7394274e055287846c54055ce6d50e66a355d8df0a5569c7ec65ae3d1?s=96&d=mm&r=g","url":"https:\/\/secure.gravatar.com\/avatar\/22441fd7394274e055287846c54055ce6d50e66a355d8df0a5569c7ec65ae3d1?s=96&d=mm&r=g","contentUrl":"https:\/\/secure.gravatar.com\/avatar\/22441fd7394274e055287846c54055ce6d50e66a355d8df0a5569c7ec65ae3d1?s=96&d=mm&r=g","caption":"inadfrimin"},"url":"https:\/\/www.infri.ch\/de\/author\/inadfrimin\/"}]}},"_links":{"self":[{"href":"https:\/\/www.infri.ch\/de\/wp-json\/wp\/v2\/posts\/2891","targetHints":{"allow":["GET"]}}],"collection":[{"href":"https:\/\/www.infri.ch\/de\/wp-json\/wp\/v2\/posts"}],"about":[{"href":"https:\/\/www.infri.ch\/de\/wp-json\/wp\/v2\/types\/post"}],"author":[{"embeddable":true,"href":"https:\/\/www.infri.ch\/de\/wp-json\/wp\/v2\/users\/2"}],"replies":[{"embeddable":true,"href":"https:\/\/www.infri.ch\/de\/wp-json\/wp\/v2\/comments?post=2891"}],"version-history":[{"count":3,"href":"https:\/\/www.infri.ch\/de\/wp-json\/wp\/v2\/posts\/2891\/revisions"}],"predecessor-version":[{"id":10923,"href":"https:\/\/www.infri.ch\/de\/wp-json\/wp\/v2\/posts\/2891\/revisions\/10923"}],"wp:attachment":[{"href":"https:\/\/www.infri.ch\/de\/wp-json\/wp\/v2\/media?parent=2891"}],"wp:term":[{"taxonomy":"category","embeddable":true,"href":"https:\/\/www.infri.ch\/de\/wp-json\/wp\/v2\/categories?post=2891"},{"taxonomy":"post_tag","embeddable":true,"href":"https:\/\/www.infri.ch\/de\/wp-json\/wp\/v2\/tags?post=2891"}],"curies":[{"name":"wp","href":"https:\/\/api.w.org\/{rel}","templated":true}]}}