{"id":2020,"date":"2019-01-25T10:20:18","date_gmt":"2019-01-25T09:20:18","guid":{"rendered":"https:\/\/www.infri.ch\/cser-centre-scolaire-et-educatif-de-riaz\/"},"modified":"2019-02-04T14:21:13","modified_gmt":"2019-02-04T13:21:13","slug":"cser-centre-scolaire-et-educatif-de-riaz","status":"publish","type":"post","link":"https:\/\/www.infri.ch\/de\/cser-centre-scolaire-et-educatif-de-riaz\/","title":{"rendered":"CSER &#8211; Centre scolaire et \u00e9ducatif de Riaz"},"content":{"rendered":"","protected":false},"excerpt":{"rendered":"","protected":false},"author":1,"featured_media":0,"comment_status":"open","ping_status":"open","sticky":false,"template":"","format":"standard","meta":{"_acf_changed":false,"inline_featured_image":false,"_monsterinsights_skip_tracking":false,"_monsterinsights_sitenote_active":false,"_monsterinsights_sitenote_note":"","_monsterinsights_sitenote_category":0,"footnotes":""},"categories":[40,44],"tags":[],"class_list":["post-2020","post","type-post","status-publish","format-standard","hentry","category-institutionen-de","category-sonderpaedagogik"],"acf":[],"yoast_head":"<!-- This site is optimized with the Yoast SEO plugin v27.4 - https:\/\/yoast.com\/product\/yoast-seo-wordpress\/ -->\n<title>CSER - Centre scolaire et \u00e9ducatif de Riaz &#8211; infri<\/title>\n<meta name=\"robots\" content=\"index, follow, max-snippet:-1, max-image-preview:large, max-video-preview:-1\" \/>\n<link rel=\"canonical\" href=\"https:\/\/www.infri.ch\/de\/cser-centre-scolaire-et-educatif-de-riaz\/\" \/>\n<meta property=\"og:locale\" content=\"de_DE\" \/>\n<meta property=\"og:type\" content=\"article\" \/>\n<meta property=\"og:title\" content=\"CSER - Centre scolaire et \u00e9ducatif de Riaz &#8211; infri\" \/>\n<meta property=\"og:url\" content=\"https:\/\/www.infri.ch\/de\/cser-centre-scolaire-et-educatif-de-riaz\/\" \/>\n<meta property=\"og:site_name\" content=\"infri\" \/>\n<meta property=\"article:published_time\" content=\"2019-01-25T09:20:18+00:00\" \/>\n<meta property=\"article:modified_time\" content=\"2019-02-04T13:21:13+00:00\" \/>\n<meta name=\"author\" content=\"inf18min\" \/>\n<meta name=\"twitter:card\" content=\"summary_large_image\" \/>\n<meta name=\"twitter:label1\" content=\"Verfasst von\" \/>\n\t<meta name=\"twitter:data1\" content=\"inf18min\" \/>\n<script type=\"application\/ld+json\" class=\"yoast-schema-graph\">{\"@context\":\"https:\\\/\\\/schema.org\",\"@graph\":[{\"@type\":\"Article\",\"@id\":\"https:\\\/\\\/www.infri.ch\\\/de\\\/cser-centre-scolaire-et-educatif-de-riaz\\\/#article\",\"isPartOf\":{\"@id\":\"https:\\\/\\\/www.infri.ch\\\/de\\\/cser-centre-scolaire-et-educatif-de-riaz\\\/\"},\"author\":{\"name\":\"inf18min\",\"@id\":\"https:\\\/\\\/www.infri.ch\\\/de\\\/#\\\/schema\\\/person\\\/a489fce96725958c34153fb1d7bb0b1c\"},\"headline\":\"CSER &#8211; Centre scolaire et \u00e9ducatif de Riaz\",\"datePublished\":\"2019-01-25T09:20:18+00:00\",\"dateModified\":\"2019-02-04T13:21:13+00:00\",\"mainEntityOfPage\":{\"@id\":\"https:\\\/\\\/www.infri.ch\\\/de\\\/cser-centre-scolaire-et-educatif-de-riaz\\\/\"},\"wordCount\":8,\"commentCount\":0,\"articleSection\":[\"Institutionen\",\"Sonderp\u00e4dagogik\"],\"inLanguage\":\"de\",\"potentialAction\":[{\"@type\":\"CommentAction\",\"name\":\"Comment\",\"target\":[\"https:\\\/\\\/www.infri.ch\\\/de\\\/cser-centre-scolaire-et-educatif-de-riaz\\\/#respond\"]}]},{\"@type\":\"WebPage\",\"@id\":\"https:\\\/\\\/www.infri.ch\\\/de\\\/cser-centre-scolaire-et-educatif-de-riaz\\\/\",\"url\":\"https:\\\/\\\/www.infri.ch\\\/de\\\/cser-centre-scolaire-et-educatif-de-riaz\\\/\",\"name\":\"CSER - Centre scolaire et \u00e9ducatif de Riaz &#8211; infri\",\"isPartOf\":{\"@id\":\"https:\\\/\\\/www.infri.ch\\\/de\\\/#website\"},\"datePublished\":\"2019-01-25T09:20:18+00:00\",\"dateModified\":\"2019-02-04T13:21:13+00:00\",\"author\":{\"@id\":\"https:\\\/\\\/www.infri.ch\\\/de\\\/#\\\/schema\\\/person\\\/a489fce96725958c34153fb1d7bb0b1c\"},\"breadcrumb\":{\"@id\":\"https:\\\/\\\/www.infri.ch\\\/de\\\/cser-centre-scolaire-et-educatif-de-riaz\\\/#breadcrumb\"},\"inLanguage\":\"de\",\"potentialAction\":[{\"@type\":\"ReadAction\",\"target\":[\"https:\\\/\\\/www.infri.ch\\\/de\\\/cser-centre-scolaire-et-educatif-de-riaz\\\/\"]}]},{\"@type\":\"BreadcrumbList\",\"@id\":\"https:\\\/\\\/www.infri.ch\\\/de\\\/cser-centre-scolaire-et-educatif-de-riaz\\\/#breadcrumb\",\"itemListElement\":[{\"@type\":\"ListItem\",\"position\":1,\"name\":\"Accueil\",\"item\":\"https:\\\/\\\/www.infri.ch\\\/de\\\/\"},{\"@type\":\"ListItem\",\"position\":2,\"name\":\"CSER &#8211; Centre scolaire et \u00e9ducatif de Riaz\"}]},{\"@type\":\"WebSite\",\"@id\":\"https:\\\/\\\/www.infri.ch\\\/de\\\/#website\",\"url\":\"https:\\\/\\\/www.infri.ch\\\/de\\\/\",\"name\":\"infri\",\"description\":\"l&#039;association repr\u00e9sentant les institutions sp\u00e9cialis\u00e9es fribourgeoises\",\"potentialAction\":[{\"@type\":\"SearchAction\",\"target\":{\"@type\":\"EntryPoint\",\"urlTemplate\":\"https:\\\/\\\/www.infri.ch\\\/de\\\/?s={search_term_string}\"},\"query-input\":{\"@type\":\"PropertyValueSpecification\",\"valueRequired\":true,\"valueName\":\"search_term_string\"}}],\"inLanguage\":\"de\"},{\"@type\":\"Person\",\"@id\":\"https:\\\/\\\/www.infri.ch\\\/de\\\/#\\\/schema\\\/person\\\/a489fce96725958c34153fb1d7bb0b1c\",\"name\":\"inf18min\",\"image\":{\"@type\":\"ImageObject\",\"inLanguage\":\"de\",\"@id\":\"https:\\\/\\\/secure.gravatar.com\\\/avatar\\\/80a29a6c206f9f1144e78e38c922135f42e881aa000af00ea7769a0f4e120526?s=96&d=mm&r=g\",\"url\":\"https:\\\/\\\/secure.gravatar.com\\\/avatar\\\/80a29a6c206f9f1144e78e38c922135f42e881aa000af00ea7769a0f4e120526?s=96&d=mm&r=g\",\"contentUrl\":\"https:\\\/\\\/secure.gravatar.com\\\/avatar\\\/80a29a6c206f9f1144e78e38c922135f42e881aa000af00ea7769a0f4e120526?s=96&d=mm&r=g\",\"caption\":\"inf18min\"},\"url\":\"https:\\\/\\\/www.infri.ch\\\/de\\\/author\\\/inf18min\\\/\"}]}<\/script>\n<!-- \/ Yoast SEO plugin. -->","yoast_head_json":{"title":"CSER - Centre scolaire et \u00e9ducatif de Riaz &#8211; infri","robots":{"index":"index","follow":"follow","max-snippet":"max-snippet:-1","max-image-preview":"max-image-preview:large","max-video-preview":"max-video-preview:-1"},"canonical":"https:\/\/www.infri.ch\/de\/cser-centre-scolaire-et-educatif-de-riaz\/","og_locale":"de_DE","og_type":"article","og_title":"CSER - Centre scolaire et \u00e9ducatif de Riaz &#8211; infri","og_url":"https:\/\/www.infri.ch\/de\/cser-centre-scolaire-et-educatif-de-riaz\/","og_site_name":"infri","article_published_time":"2019-01-25T09:20:18+00:00","article_modified_time":"2019-02-04T13:21:13+00:00","author":"inf18min","twitter_card":"summary_large_image","twitter_misc":{"Verfasst von":"inf18min"},"schema":{"@context":"https:\/\/schema.org","@graph":[{"@type":"Article","@id":"https:\/\/www.infri.ch\/de\/cser-centre-scolaire-et-educatif-de-riaz\/#article","isPartOf":{"@id":"https:\/\/www.infri.ch\/de\/cser-centre-scolaire-et-educatif-de-riaz\/"},"author":{"name":"inf18min","@id":"https:\/\/www.infri.ch\/de\/#\/schema\/person\/a489fce96725958c34153fb1d7bb0b1c"},"headline":"CSER &#8211; Centre scolaire et \u00e9ducatif de Riaz","datePublished":"2019-01-25T09:20:18+00:00","dateModified":"2019-02-04T13:21:13+00:00","mainEntityOfPage":{"@id":"https:\/\/www.infri.ch\/de\/cser-centre-scolaire-et-educatif-de-riaz\/"},"wordCount":8,"commentCount":0,"articleSection":["Institutionen","Sonderp\u00e4dagogik"],"inLanguage":"de","potentialAction":[{"@type":"CommentAction","name":"Comment","target":["https:\/\/www.infri.ch\/de\/cser-centre-scolaire-et-educatif-de-riaz\/#respond"]}]},{"@type":"WebPage","@id":"https:\/\/www.infri.ch\/de\/cser-centre-scolaire-et-educatif-de-riaz\/","url":"https:\/\/www.infri.ch\/de\/cser-centre-scolaire-et-educatif-de-riaz\/","name":"CSER - Centre scolaire et \u00e9ducatif de Riaz &#8211; infri","isPartOf":{"@id":"https:\/\/www.infri.ch\/de\/#website"},"datePublished":"2019-01-25T09:20:18+00:00","dateModified":"2019-02-04T13:21:13+00:00","author":{"@id":"https:\/\/www.infri.ch\/de\/#\/schema\/person\/a489fce96725958c34153fb1d7bb0b1c"},"breadcrumb":{"@id":"https:\/\/www.infri.ch\/de\/cser-centre-scolaire-et-educatif-de-riaz\/#breadcrumb"},"inLanguage":"de","potentialAction":[{"@type":"ReadAction","target":["https:\/\/www.infri.ch\/de\/cser-centre-scolaire-et-educatif-de-riaz\/"]}]},{"@type":"BreadcrumbList","@id":"https:\/\/www.infri.ch\/de\/cser-centre-scolaire-et-educatif-de-riaz\/#breadcrumb","itemListElement":[{"@type":"ListItem","position":1,"name":"Accueil","item":"https:\/\/www.infri.ch\/de\/"},{"@type":"ListItem","position":2,"name":"CSER &#8211; Centre scolaire et \u00e9ducatif de Riaz"}]},{"@type":"WebSite","@id":"https:\/\/www.infri.ch\/de\/#website","url":"https:\/\/www.infri.ch\/de\/","name":"infri","description":"l&#039;association repr\u00e9sentant les institutions sp\u00e9cialis\u00e9es fribourgeoises","potentialAction":[{"@type":"SearchAction","target":{"@type":"EntryPoint","urlTemplate":"https:\/\/www.infri.ch\/de\/?s={search_term_string}"},"query-input":{"@type":"PropertyValueSpecification","valueRequired":true,"valueName":"search_term_string"}}],"inLanguage":"de"},{"@type":"Person","@id":"https:\/\/www.infri.ch\/de\/#\/schema\/person\/a489fce96725958c34153fb1d7bb0b1c","name":"inf18min","image":{"@type":"ImageObject","inLanguage":"de","@id":"https:\/\/secure.gravatar.com\/avatar\/80a29a6c206f9f1144e78e38c922135f42e881aa000af00ea7769a0f4e120526?s=96&d=mm&r=g","url":"https:\/\/secure.gravatar.com\/avatar\/80a29a6c206f9f1144e78e38c922135f42e881aa000af00ea7769a0f4e120526?s=96&d=mm&r=g","contentUrl":"https:\/\/secure.gravatar.com\/avatar\/80a29a6c206f9f1144e78e38c922135f42e881aa000af00ea7769a0f4e120526?s=96&d=mm&r=g","caption":"inf18min"},"url":"https:\/\/www.infri.ch\/de\/author\/inf18min\/"}]}},"_links":{"self":[{"href":"https:\/\/www.infri.ch\/de\/wp-json\/wp\/v2\/posts\/2020","targetHints":{"allow":["GET"]}}],"collection":[{"href":"https:\/\/www.infri.ch\/de\/wp-json\/wp\/v2\/posts"}],"about":[{"href":"https:\/\/www.infri.ch\/de\/wp-json\/wp\/v2\/types\/post"}],"author":[{"embeddable":true,"href":"https:\/\/www.infri.ch\/de\/wp-json\/wp\/v2\/users\/1"}],"replies":[{"embeddable":true,"href":"https:\/\/www.infri.ch\/de\/wp-json\/wp\/v2\/comments?post=2020"}],"version-history":[{"count":0,"href":"https:\/\/www.infri.ch\/de\/wp-json\/wp\/v2\/posts\/2020\/revisions"}],"wp:attachment":[{"href":"https:\/\/www.infri.ch\/de\/wp-json\/wp\/v2\/media?parent=2020"}],"wp:term":[{"taxonomy":"category","embeddable":true,"href":"https:\/\/www.infri.ch\/de\/wp-json\/wp\/v2\/categories?post=2020"},{"taxonomy":"post_tag","embeddable":true,"href":"https:\/\/www.infri.ch\/de\/wp-json\/wp\/v2\/tags?post=2020"}],"curies":[{"name":"wp","href":"https:\/\/api.w.org\/{rel}","templated":true}]}}